{"id":5852,"date":"2018-06-09T09:43:40","date_gmt":"2018-06-09T07:43:40","guid":{"rendered":"https:\/\/visionzero.lu\/fr\/?post_type=actuality&#038;p=5852"},"modified":"2019-09-13T10:34:00","modified_gmt":"2019-09-13T08:34:00","slug":"inscrivez-vous-au-forum-sst","status":"publish","type":"actuality","link":"https:\/\/visionzero.lu\/fr\/actuality\/inscrivez-vous-au-forum-sst\/","title":{"rendered":"Inscrivez-vous au Forum SST"},"content":{"rendered":"<p>La 11e \u00e9dition du Forum de la s\u00e9curit\u00e9 et de la sant\u00e9 au travail aura lieu, le jeudi 5 octobre 2017 \u00e0 la Chambre de Commerce, Luxembourg-Kirchberg. Le th\u00e8me du Forum sera la gestion de la s\u00e9curit\u00e9 et de la sant\u00e9 au travail.<\/p>","protected":false},"excerpt":{"rendered":"<p>La 11e \u00e9dition du Forum de la s\u00e9curit\u00e9 et de la sant\u00e9 au travail aura lieu, le jeudi 5 octobre 2017 \u00e0 la Chambre de Commerce, Luxembourg-Kirchberg. Le th\u00e8me du Forum sera la gestion de la s\u00e9curit\u00e9 et de la sant\u00e9 au travail.<\/p>\n","protected":false},"author":1,"featured_media":2768,"comment_status":"open","ping_status":"closed","template":"","meta":{"_acf_changed":false,"footnotes":""},"class_list":["post-5852","actuality","type-actuality","status-publish","has-post-thumbnail","hentry"],"acf":{"show_in":["actualite"],"likes":false,"likes_":"","total_likes":"0","content":false},"_links":{"self":[{"href":"https:\/\/visionzero.lu\/fr\/wp-json\/wp\/v2\/actuality\/5852","targetHints":{"allow":["GET"]}}],"collection":[{"href":"https:\/\/visionzero.lu\/fr\/wp-json\/wp\/v2\/actuality"}],"about":[{"href":"https:\/\/visionzero.lu\/fr\/wp-json\/wp\/v2\/types\/actuality"}],"author":[{"embeddable":true,"href":"https:\/\/visionzero.lu\/fr\/wp-json\/wp\/v2\/users\/1"}],"replies":[{"embeddable":true,"href":"https:\/\/visionzero.lu\/fr\/wp-json\/wp\/v2\/comments?post=5852"}],"version-history":[{"count":0,"href":"https:\/\/visionzero.lu\/fr\/wp-json\/wp\/v2\/actuality\/5852\/revisions"}],"wp:featuredmedia":[{"embeddable":true,"href":"https:\/\/visionzero.lu\/fr\/wp-json\/wp\/v2\/media\/2768"}],"wp:attachment":[{"href":"https:\/\/visionzero.lu\/fr\/wp-json\/wp\/v2\/media?parent=5852"}],"curies":[{"name":"wp","href":"https:\/\/api.w.org\/{rel}","templated":true}]}}