{"id":3242,"date":"2018-04-20T17:47:10","date_gmt":"2018-04-20T15:47:10","guid":{"rendered":"https:\/\/visionzero.lu\/fr\/?post_type=actuality&#038;p=3242"},"modified":"2019-09-13T10:40:43","modified_gmt":"2019-09-13T08:40:43","slug":"voting-prix-du-public","status":"publish","type":"actuality","link":"https:\/\/visionzero.lu\/fr\/actuality\/voting-prix-du-public\/","title":{"rendered":"Voting prix du public"},"content":{"rendered":"<p>Les 5 laur\u00e9ats du \u00a0<a href=\"https:\/\/visionzero.lu\/prix-sst\/\">Prix national s\u00e9curit\u00e9-sant\u00e9 au travail 2018<\/a> ont \u00e9t\u00e9 d\u00e9voil\u00e9s le 19 avril 2018 lors du Forum de la s\u00e9curit\u00e9 et de la sant\u00e9 au travail. Le prix national SST a \u00e9t\u00e9 d\u00e9cern\u00e9 \u00e0 5 entreprises laur\u00e9ates par la Ministre de la Sant\u00e9, le Ministre de la S\u00e9curit\u00e9 sociale et le Ministre du Travail, de l\u2019Emploi et de l\u2019Economie sociale et solidaire. Par ce prix, les partenaires nationaux valorisent des mesures ou produits particuli\u00e8rement innovants dans le domaine de l\u2019am\u00e9lioration de la s\u00e9curit\u00e9, de la sant\u00e9 et du bien-\u00eatre au travail.<\/p>\n<p>Mais, il y a aussi un 6e prix, le prix sp\u00e9cial <strong>\u00ab Coup de c\u0153ur du public \u00bb, lequel sera d\u00e9cern\u00e9 \u00e0 un des 5 laur\u00e9ats gr\u00e2ce \u00e0 VOTRE vote.<\/strong> Les visiteurs du Forum ont pu voter pour leur projet \u00ab\u00a0coup de c\u0153ur\u00a0\u00bb lors du Forum et le public peut voter en ligne jusqu\u2019au 31 mai 2018 inclus. Le laur\u00e9at du prix du public sera annonc\u00e9 d\u00e9but juin.<\/p>\n<p>La prochaine \u00e9dition du Prix national SST sera d\u00e9cern\u00e9 lors du Forum SST en 2020. Le dossier de candidature sera disponible lors du 2e semestre en 2019 sur <a href=\"https:\/\/visionzero.lu\/\">www.visionzero.lu<\/a>.<\/p>\n<p>&nbsp;<\/p>\n<p><a href=\"https:\/\/visionzero.lu\/prix-sst\/vote-coup-de-coeur\/\">Votez pour votre coup de coeur<\/a><\/p>","protected":false},"excerpt":{"rendered":"<p>Les 5 laur\u00e9ats du \u00a0Prix national s\u00e9curit\u00e9-sant\u00e9 au travail 2018 ont \u00e9t\u00e9 d\u00e9voil\u00e9s le 19 avril 2018 lors du Forum de la s\u00e9curit\u00e9 et de la sant\u00e9 au travail. Le prix national SST a \u00e9t\u00e9 d\u00e9cern\u00e9 \u00e0 5 entreprises laur\u00e9ates par la Ministre de la Sant\u00e9, le Ministre de la S\u00e9curit\u00e9 sociale et le Ministre [&hellip;]<\/p>\n","protected":false},"author":1,"featured_media":3243,"comment_status":"open","ping_status":"closed","template":"","meta":{"_acf_changed":false,"footnotes":""},"class_list":["post-3242","actuality","type-actuality","status-publish","has-post-thumbnail","hentry"],"acf":{"show_in":["actualite"],"likes":false,"likes_":"","total_likes":"0","content":false},"_links":{"self":[{"href":"https:\/\/visionzero.lu\/fr\/wp-json\/wp\/v2\/actuality\/3242","targetHints":{"allow":["GET"]}}],"collection":[{"href":"https:\/\/visionzero.lu\/fr\/wp-json\/wp\/v2\/actuality"}],"about":[{"href":"https:\/\/visionzero.lu\/fr\/wp-json\/wp\/v2\/types\/actuality"}],"author":[{"embeddable":true,"href":"https:\/\/visionzero.lu\/fr\/wp-json\/wp\/v2\/users\/1"}],"replies":[{"embeddable":true,"href":"https:\/\/visionzero.lu\/fr\/wp-json\/wp\/v2\/comments?post=3242"}],"version-history":[{"count":0,"href":"https:\/\/visionzero.lu\/fr\/wp-json\/wp\/v2\/actuality\/3242\/revisions"}],"wp:featuredmedia":[{"embeddable":true,"href":"https:\/\/visionzero.lu\/fr\/wp-json\/wp\/v2\/media\/3243"}],"wp:attachment":[{"href":"https:\/\/visionzero.lu\/fr\/wp-json\/wp\/v2\/media?parent=3242"}],"curies":[{"name":"wp","href":"https:\/\/api.w.org\/{rel}","templated":true}]}}