{"id":3218,"date":"2019-01-18T16:53:47","date_gmt":"2019-01-18T15:53:47","guid":{"rendered":"https:\/\/visionzero.lu\/fr\/?post_type=actuality&#038;p=3218"},"modified":"2019-10-21T10:38:13","modified_gmt":"2019-10-21T08:38:13","slug":"inscriptions-ouvertes-pour-le-forum-securite-sante-au-travail-2019","status":"publish","type":"actuality","link":"https:\/\/visionzero.lu\/fr\/actuality\/inscriptions-ouvertes-pour-le-forum-securite-sante-au-travail-2019\/","title":{"rendered":"Inscriptions ouvertes pour le Forum s\u00e9curit\u00e9-sant\u00e9 au travail 2019"},"content":{"rendered":"<p>La prochaine \u00e9dition du Forum, dans son <strong>format conf\u00e9rence<\/strong>, aura lieu le <strong>27 mars 2019 \u00e0 14h00 \u00e0 la Chambre de Commerce<\/strong>.<\/p>\n<p>Les organisateurs et partenaires du Forum de la s\u00e9curit\u00e9 et de la sant\u00e9 au travail auront le plaisir de vous accueillir \u00e0 la 13\u00e8me \u00e9dition du Forum, qui se tiendra sous la forme d\u2019une <strong>conf\u00e9rence<\/strong> d\u2019une demi-journ\u00e9e le mercredi 27 mars 2019 au centre de conf\u00e9rences de la Chambre de Commerce \u00e0 Luxembourg-Kirchberg.<\/p>\n<p>Cette conf\u00e9rence s\u2019inscrit dans la strat\u00e9gie nationale VISION ZERO et offrira la possibilit\u00e9 \u00e0 des entreprises engag\u00e9es dans la VISION ZERO de pr\u00e9senter leur <strong>plan d\u2019action ou bonne pratique<\/strong>. La conf\u00e9rence d\u00e9crira en outre les d\u00e9veloppements de la strat\u00e9gie au niveau national, renseignera sur les d\u00e9marches et normes existantes en termes de s\u00e9curit\u00e9 et de sant\u00e9 sur le lieu du travail et en termes de responsabilit\u00e9 sociale des entreprises. Comme chaque ann\u00e9e, le Forum offrira une plateforme unique aux entreprises souhaitant s\u2019informer sur les pratiques en mati\u00e8re de pr\u00e9vention des risques.<\/p>\n<p><strong>La traduction simultan\u00e9e sera assur\u00e9e dans les langues allemande et fran\u00e7aise.<\/strong><\/p>\n<p>&nbsp;<\/p>\n<p><a href=\"https:\/\/visionzero.lu\/forum-sst\/programme\/\">Programme<\/a><\/p>\n<p>&nbsp;<\/p>\n<p>Inscriptions<\/p>\n<p>&nbsp;<\/p>\n<p>&nbsp;<\/p>","protected":false},"excerpt":{"rendered":"<p>La prochaine \u00e9dition du Forum, dans son format conf\u00e9rence, aura lieu le 27 mars 2019 \u00e0 14h00 \u00e0 la Chambre de Commerce. Les organisateurs et partenaires du Forum de la s\u00e9curit\u00e9 et de la sant\u00e9 au travail auront le plaisir de vous accueillir \u00e0 la 13\u00e8me \u00e9dition du Forum, qui se tiendra sous la forme [&hellip;]<\/p>\n","protected":false},"author":1,"featured_media":2933,"comment_status":"open","ping_status":"closed","template":"","meta":{"_acf_changed":false,"footnotes":""},"class_list":["post-3218","actuality","type-actuality","status-publish","has-post-thumbnail","hentry"],"acf":{"show_in":["actualite"],"likes":[{"username":"Daniel"},{"username":"Anne-Sophie"},{"username":"AAA"}],"likes_":"_Daniel_;_Anne-Sophie_;_AAA_;","total_likes":"3","content":false,"status":"0","links":false},"_links":{"self":[{"href":"https:\/\/visionzero.lu\/fr\/wp-json\/wp\/v2\/actuality\/3218","targetHints":{"allow":["GET"]}}],"collection":[{"href":"https:\/\/visionzero.lu\/fr\/wp-json\/wp\/v2\/actuality"}],"about":[{"href":"https:\/\/visionzero.lu\/fr\/wp-json\/wp\/v2\/types\/actuality"}],"author":[{"embeddable":true,"href":"https:\/\/visionzero.lu\/fr\/wp-json\/wp\/v2\/users\/1"}],"replies":[{"embeddable":true,"href":"https:\/\/visionzero.lu\/fr\/wp-json\/wp\/v2\/comments?post=3218"}],"version-history":[{"count":0,"href":"https:\/\/visionzero.lu\/fr\/wp-json\/wp\/v2\/actuality\/3218\/revisions"}],"wp:featuredmedia":[{"embeddable":true,"href":"https:\/\/visionzero.lu\/fr\/wp-json\/wp\/v2\/media\/2933"}],"wp:attachment":[{"href":"https:\/\/visionzero.lu\/fr\/wp-json\/wp\/v2\/media?parent=3218"}],"curies":[{"name":"wp","href":"https:\/\/api.w.org\/{rel}","templated":true}]}}