{"id":3430,"date":"2017-10-19T18:19:23","date_gmt":"2017-10-19T16:19:23","guid":{"rendered":"https:\/\/visionzero.lu\/fr\/?post_type=actuality&#038;p=3430"},"modified":"2019-09-13T10:37:20","modified_gmt":"2019-09-13T08:37:20","slug":"lancement-europeen-de-la-campagne-visionzeroglobal","status":"publish","type":"actuality","link":"https:\/\/visionzero.lu\/en\/actuality\/lancement-europeen-de-la-campagne-visionzeroglobal\/","title":{"rendered":"Lancement europ\u00e9en de la campagne #visionzeroglobal"},"content":{"rendered":"<p class=\"qtranxs-available-languages-message qtranxs-available-languages-message-en\"> <\/p><p>L\u2019Association internationale de la s\u00e9curit\u00e9 sociale (en anglais l&#8217;issa) a lanc\u00e9 la campagne mondiale <a href=\"http:\/\/www.visionzero.global\" target=\"_blank\" rel=\"noopener noreferrer\">#visionzeroglobal<\/a> au niveau europ\u00e9en durant la <a href=\"https:\/\/www.aplusa-online.com\/\" target=\"_blank\" rel=\"noopener noreferrer\">A+A<\/a>\u00a0 \u00e0 D\u00fcsseldorf. L\u2019AAA \u00e9tait \u00e9galement pr\u00e9sent lors du lancement europ\u00e9en de cette campagne mondiale et repr\u00e9sentait la <a href=\"http:\/\/www.visionzero.global\" target=\"_blank\" rel=\"noopener noreferrer\">#visionzerolu<\/a> durant une table ronde. Voir la <a href=\"https:\/\/visionzero.lu\/fr\/mediatheque\/?type=photos\">galerie photo<\/a>.<\/p>","protected":false},"excerpt":{"rendered":"<p>L\u2019Association internationale de la s\u00e9curit\u00e9 sociale (en anglais l&#8217;issa) a lanc\u00e9 la campagne mondiale #visionzeroglobal au niveau europ\u00e9en durant la A+A\u00a0 \u00e0 D\u00fcsseldorf. L\u2019AAA \u00e9tait \u00e9galement pr\u00e9sent lors du lancement europ\u00e9en de cette campagne mondiale et repr\u00e9sentait la #visionzerolu durant une table ronde. Voir la galerie photo.<\/p>\n","protected":false},"author":1,"featured_media":3161,"comment_status":"open","ping_status":"closed","template":"","meta":{"_acf_changed":false,"footnotes":""},"class_list":["post-3430","actuality","type-actuality","status-publish","has-post-thumbnail","hentry"],"acf":{"show_in":["actualite"],"likes":false,"likes_":"","total_likes":"0","content":false},"_links":{"self":[{"href":"https:\/\/visionzero.lu\/en\/wp-json\/wp\/v2\/actuality\/3430","targetHints":{"allow":["GET"]}}],"collection":[{"href":"https:\/\/visionzero.lu\/en\/wp-json\/wp\/v2\/actuality"}],"about":[{"href":"https:\/\/visionzero.lu\/en\/wp-json\/wp\/v2\/types\/actuality"}],"author":[{"embeddable":true,"href":"https:\/\/visionzero.lu\/en\/wp-json\/wp\/v2\/users\/1"}],"replies":[{"embeddable":true,"href":"https:\/\/visionzero.lu\/en\/wp-json\/wp\/v2\/comments?post=3430"}],"version-history":[{"count":0,"href":"https:\/\/visionzero.lu\/en\/wp-json\/wp\/v2\/actuality\/3430\/revisions"}],"wp:featuredmedia":[{"embeddable":true,"href":"https:\/\/visionzero.lu\/en\/wp-json\/wp\/v2\/media\/3161"}],"wp:attachment":[{"href":"https:\/\/visionzero.lu\/en\/wp-json\/wp\/v2\/media?parent=3430"}],"curies":[{"name":"wp","href":"https:\/\/api.w.org\/{rel}","templated":true}]}}