{"id":3239,"date":"2018-05-16T17:41:21","date_gmt":"2018-05-16T15:41:21","guid":{"rendered":"https:\/\/visionzero.lu\/fr\/?post_type=actuality&#038;p=3239"},"modified":"2019-09-13T10:40:58","modified_gmt":"2019-09-13T08:40:58","slug":"decouvrez-laftermovie-et-la-galerie-photos-du-forum-sst-2018","status":"publish","type":"actuality","link":"https:\/\/visionzero.lu\/de\/actuality\/decouvrez-laftermovie-et-la-galerie-photos-du-forum-sst-2018\/","title":{"rendered":"D\u00e9couvrez l&#8217;aftermovie et la galerie photos du Forum SST 2018"},"content":{"rendered":"<p class=\"qtranxs-available-languages-message qtranxs-available-languages-message-de\"> <\/p><p>La 12e \u00e9dition du <a href=\"https:\/\/visionzero.lu\/forum-sst\">Forum de la s\u00e9curit\u00e9 et de la sant\u00e9 au travail<\/a> s\u2019est tenue le 19 avril \u00e0 LUXEXPO THE BOX (<a href=\"https:\/\/visionzero.lu\/wp-content\/uploads\/2019\/08\/Communique_-_Forum_SST_2018-1.pdf\" target=\"_blank\" rel=\"noopener noreferrer\">communiqu\u00e9 de presse<\/a>). Le Forum a \u00e9t\u00e9 un grand succ\u00e8s comptant 1300 visiteurs, plus de 100 exposants luxembourgeois et \u00e9trangers et 15 workshops autour de th\u00e9matiques de s\u00e9curit\u00e9, de sant\u00e9 et de bien-\u00eatre en entreprise. L\u2019originalit\u00e9 du Forum a certes \u00e9t\u00e9 le grand stand de la VISION ZERO sur lequel les t\u00e9moins de la campagne \u00e9taient pr\u00e9sents pour sensibiliser les visiteurs. Le Forum a \u00e9galement servi de plateforme pour la remise du <a href=\"https:\/\/visionzero.lu\/prix-sst\/\">Prix national s\u00e9curit\u00e9-sant\u00e9 au travail 2018<\/a>, lequel a r\u00e9compens\u00e9 5 entreprises laur\u00e9ates\u00a0: VTKL, TRALUX Constructions, P\u00e9tillances, CHL et Secolux.<\/p>\n<p>&nbsp;<\/p>\n<p><a href=\"https:\/\/youtu.be\/yPizkyBlbYA\" target=\"_blank\" rel=\"noopener noreferrer\">D\u00e9couvrez l&#8217;aftermovie<\/a><\/p>\n<p>&nbsp;<\/p>\n<p><a href=\"https:\/\/visionzero.lu\/gallery\/forum-sst-2018\/\">D\u00e9couvrez la galerie photos<\/a><\/p>","protected":false},"excerpt":{"rendered":"<p>La 12e \u00e9dition du Forum de la s\u00e9curit\u00e9 et de la sant\u00e9 au travail s\u2019est tenue le 19 avril \u00e0 LUXEXPO THE BOX (communiqu\u00e9 de presse). Le Forum a \u00e9t\u00e9 un grand succ\u00e8s comptant 1300 visiteurs, plus de 100 exposants luxembourgeois et \u00e9trangers et 15 workshops autour de th\u00e9matiques de s\u00e9curit\u00e9, de sant\u00e9 et de [&hellip;]<\/p>\n","protected":false},"author":1,"featured_media":284,"comment_status":"open","ping_status":"closed","template":"","meta":{"_acf_changed":false,"footnotes":""},"class_list":["post-3239","actuality","type-actuality","status-publish","has-post-thumbnail","hentry"],"acf":{"show_in":["actualite"],"likes":false,"likes_":"","total_likes":"0","content":false},"_links":{"self":[{"href":"https:\/\/visionzero.lu\/de\/wp-json\/wp\/v2\/actuality\/3239","targetHints":{"allow":["GET"]}}],"collection":[{"href":"https:\/\/visionzero.lu\/de\/wp-json\/wp\/v2\/actuality"}],"about":[{"href":"https:\/\/visionzero.lu\/de\/wp-json\/wp\/v2\/types\/actuality"}],"author":[{"embeddable":true,"href":"https:\/\/visionzero.lu\/de\/wp-json\/wp\/v2\/users\/1"}],"replies":[{"embeddable":true,"href":"https:\/\/visionzero.lu\/de\/wp-json\/wp\/v2\/comments?post=3239"}],"version-history":[{"count":0,"href":"https:\/\/visionzero.lu\/de\/wp-json\/wp\/v2\/actuality\/3239\/revisions"}],"wp:featuredmedia":[{"embeddable":true,"href":"https:\/\/visionzero.lu\/de\/wp-json\/wp\/v2\/media\/284"}],"wp:attachment":[{"href":"https:\/\/visionzero.lu\/de\/wp-json\/wp\/v2\/media?parent=3239"}],"curies":[{"name":"wp","href":"https:\/\/api.w.org\/{rel}","templated":true}]}}