{"id":3218,"date":"2019-01-18T16:53:47","date_gmt":"2019-01-18T15:53:47","guid":{"rendered":"https:\/\/visionzero.lu\/fr\/?post_type=actuality&#038;p=3218"},"modified":"2019-10-21T10:38:13","modified_gmt":"2019-10-21T08:38:13","slug":"inscriptions-ouvertes-pour-le-forum-securite-sante-au-travail-2019","status":"publish","type":"actuality","link":"https:\/\/visionzero.lu\/de\/actuality\/anmeldung-zum-forum-fur-sicherheit-und-gesundheit-am-arbeitsplatz-2019\/","title":{"rendered":"Anmeldung zum Forum f\u00fcr Sicherheit und Gesundheit am Arbeitsplatz 2019"},"content":{"rendered":"<p>Die n\u00e4chste Ausgabe des Forums, das <strong>in Form einer Konferenz veranstaltet<\/strong> wird, findet am <strong>27. M\u00e4rz 2019 um 14.00 Uhr in der Handelskammer (Chambre de Commerce) statt<\/strong>.<\/p>\n<p>Die Veranstalter und Partner des Forums f\u00fcr Sicherheit und Gesundheit am Arbeitsplatz freuen sich, Sie zur 13. Ausgabe ihres Forums begr\u00fc\u00dfen zu d\u00fcrfen, die am Mittwoch, 27. M\u00e4rz 2019 in Form einer halbt\u00e4gigen <strong>Konferenz<\/strong> im Konferenzzentrum der Handelskammer in Luxemburg-Kirchberg abgehalten wird.<\/p>\n<p>Diese Konferenz ist Teil der nationalen Strategie VISION ZERO und bietet den in der VISION ZERO engagierten Unternehmen die Gelegenheit, ihren <strong>Aktionsplan oder ihre besten Praktiken<\/strong> zu pr\u00e4sentieren. Die Konferenz informiert zudem \u00fcber die Entwicklungen der Strategie auf nationaler Ebene, unterrichtet \u00fcber bestehende Normen und Verpflichtungen hinsichtlich der Sicherheit und Gesundheit am Arbeitsplatz sowie in Bezug auf die soziale Verantwortung der Unternehmen. Wie in jedem Jahr bietet das Forum f\u00fcr Unternehmen, eine einzigartige Informations-Plattform im Bereich Risikopr\u00e4vention.<\/p>\n<p><strong>Eine Simultan\u00fcbersetzung in deutscher und franz\u00f6sischer Sprache ist gew\u00e4hrleistet.<\/strong><\/p>\n<p>&nbsp;<\/p>\n<p><a href=\"https:\/\/visionzero.lu\/forum-sst\/programme\/\">Programm<\/a><\/p>\n<p>&nbsp;<\/p>\n<p>Anmeldung<\/p>","protected":false},"excerpt":{"rendered":"<p>Die n\u00e4chste Ausgabe des Forums, das in Form einer Konferenz veranstaltet wird, findet am 27. M\u00e4rz 2019 um 14.00 Uhr in der Handelskammer (Chambre de Commerce) statt. Die Veranstalter und Partner des Forums f\u00fcr Sicherheit und Gesundheit am Arbeitsplatz freuen sich, Sie zur 13. Ausgabe ihres Forums begr\u00fc\u00dfen zu d\u00fcrfen, die am Mittwoch, 27. M\u00e4rz [&hellip;]<\/p>\n","protected":false},"author":1,"featured_media":2933,"comment_status":"open","ping_status":"closed","template":"","meta":{"_acf_changed":false,"footnotes":""},"class_list":["post-3218","actuality","type-actuality","status-publish","has-post-thumbnail","hentry"],"acf":{"show_in":["actualite"],"likes":[{"username":"Daniel"},{"username":"Anne-Sophie"},{"username":"AAA"}],"likes_":"_Daniel_;_Anne-Sophie_;_AAA_;","total_likes":"3","content":false,"status":"0","links":false},"_links":{"self":[{"href":"https:\/\/visionzero.lu\/de\/wp-json\/wp\/v2\/actuality\/3218","targetHints":{"allow":["GET"]}}],"collection":[{"href":"https:\/\/visionzero.lu\/de\/wp-json\/wp\/v2\/actuality"}],"about":[{"href":"https:\/\/visionzero.lu\/de\/wp-json\/wp\/v2\/types\/actuality"}],"author":[{"embeddable":true,"href":"https:\/\/visionzero.lu\/de\/wp-json\/wp\/v2\/users\/1"}],"replies":[{"embeddable":true,"href":"https:\/\/visionzero.lu\/de\/wp-json\/wp\/v2\/comments?post=3218"}],"version-history":[{"count":0,"href":"https:\/\/visionzero.lu\/de\/wp-json\/wp\/v2\/actuality\/3218\/revisions"}],"wp:featuredmedia":[{"embeddable":true,"href":"https:\/\/visionzero.lu\/de\/wp-json\/wp\/v2\/media\/2933"}],"wp:attachment":[{"href":"https:\/\/visionzero.lu\/de\/wp-json\/wp\/v2\/media?parent=3218"}],"curies":[{"name":"wp","href":"https:\/\/api.w.org\/{rel}","templated":true}]}}